{"id":2056,"date":"2025-04-12T18:51:13","date_gmt":"2025-04-12T18:51:13","guid":{"rendered":"https:\/\/diocesisdesancarloscojedes.com\/?p=2056"},"modified":"2025-04-12T18:51:14","modified_gmt":"2025-04-12T18:51:14","slug":"diocesis-de-san-carlos-participa-en-el-vi-coniam","status":"publish","type":"post","link":"https:\/\/diocesisdesancarloscojedes.com\/?p=2056","title":{"rendered":"Di\u00f3cesis de San Carlos participa en el VI Coniam"},"content":{"rendered":"<figure class=\"wp-block-gallery has-nested-images columns-default is-cropped wp-block-gallery-1 is-layout-flex wp-block-gallery-is-layout-flex\"><figure class=\"wp-block-image size-large\"><img fetchpriority=\"high\" decoding=\"async\" width=\"768\" height=\"1024\" data-id=\"2057\" src=\"https:\/\/diocesisdesancarloscojedes.com\/wp-content\/uploads\/2025\/04\/1000971453-768x1024.jpg\" alt=\"\" class=\"wp-image-2057\" srcset=\"https:\/\/diocesisdesancarloscojedes.com\/wp-content\/uploads\/2025\/04\/1000971453-768x1024.jpg 768w, https:\/\/diocesisdesancarloscojedes.com\/wp-content\/uploads\/2025\/04\/1000971453-225x300.jpg 225w, https:\/\/diocesisdesancarloscojedes.com\/wp-content\/uploads\/2025\/04\/1000971453-1152x1536.jpg 1152w, https:\/\/diocesisdesancarloscojedes.com\/wp-content\/uploads\/2025\/04\/1000971453-1536x2048.jpg 1536w, https:\/\/diocesisdesancarloscojedes.com\/wp-content\/uploads\/2025\/04\/1000971453-1024x1365.jpg 1024w, https:\/\/diocesisdesancarloscojedes.com\/wp-content\/uploads\/2025\/04\/1000971453-600x800.jpg 600w, https:\/\/diocesisdesancarloscojedes.com\/wp-content\/uploads\/2025\/04\/1000971453.jpg 1920w\" sizes=\"(max-width: 768px) 100vw, 768px\" \/><\/figure><\/figure><p><strong>Di\u00f3cesis de San Carlos<\/strong> <\/p><p><em>Pastoral de la Comunicaci\u00f3n <\/em><\/p><p><strong>3 de abril de 2025.- <\/strong> Del 3 al 6 de abril se realizar\u00e1 el VI Congreso Nacional de la Infancia y Adolescencia Misionera (Coniam) en la Arquidi\u00f3cesis de Valencia.<\/p><p>Este evento de las Obras Misionales Pontificias (OMP) est\u00e1 dirigido a ni\u00f1os y adolescentes; animadores de la Infancia y Adolescencia Misionera (IAM); coordinadores diocesanos; obispos, sacerdotes y religiosos (as); y familiares de los ni\u00f1os y adolescentes.<\/p><p>Con una representaci\u00f3n de nueve j\u00f3venes y adultos, la Di\u00f3cesis de San Carlos se hace presente en esta jornada a la que asisten delegaciones de todo el pa\u00eds y que tiene como finalidad incrementar la animaci\u00f3n misionera en la ni\u00f1ez y adolescencia venezolana.<\/p><p>Este jueves 3 de abril, la comitiva de la Iglesia local particip\u00f3 en la Misa de env\u00edo en la Parroquia Nuestra Se\u00f1ora del Carmen, junto al p\u00e1rroco de esta comunidad y asesor de la Pastoral Misionera, del Centro de Animaci\u00f3n para la Conversi\u00f3n pastoral y misionera, Pbro. Jos\u00e9 Eudesmo Mercado.<\/p><figure class=\"wp-block-gallery has-nested-images columns-default is-cropped wp-block-gallery-2 is-layout-flex wp-block-gallery-is-layout-flex\"><figure class=\"wp-block-image size-large\"><img decoding=\"async\" width=\"768\" height=\"1024\" data-id=\"2058\" src=\"https:\/\/diocesisdesancarloscojedes.com\/wp-content\/uploads\/2025\/04\/1000971455-768x1024.jpg\" alt=\"\" class=\"wp-image-2058\" srcset=\"https:\/\/diocesisdesancarloscojedes.com\/wp-content\/uploads\/2025\/04\/1000971455-768x1024.jpg 768w, https:\/\/diocesisdesancarloscojedes.com\/wp-content\/uploads\/2025\/04\/1000971455-225x300.jpg 225w, https:\/\/diocesisdesancarloscojedes.com\/wp-content\/uploads\/2025\/04\/1000971455-1152x1536.jpg 1152w, https:\/\/diocesisdesancarloscojedes.com\/wp-content\/uploads\/2025\/04\/1000971455-1536x2048.jpg 1536w, https:\/\/diocesisdesancarloscojedes.com\/wp-content\/uploads\/2025\/04\/1000971455-1024x1365.jpg 1024w, https:\/\/diocesisdesancarloscojedes.com\/wp-content\/uploads\/2025\/04\/1000971455-600x800.jpg 600w, https:\/\/diocesisdesancarloscojedes.com\/wp-content\/uploads\/2025\/04\/1000971455.jpg 1920w\" sizes=\"(max-width: 768px) 100vw, 768px\" \/><\/figure><\/figure><p>En horas de la tarde, en la ciudad de Valencia, se desarrollaron los eventos centrales del VI Coniam con una caminata desde la Casa de Retiro \u201cCristo Rey\u201d, recorriendo la \u201cCalle de los Colegios\u201d y culminando en la iglesia Nuestra Se\u00f1ora de los Dolores, en la Redoma de Guaparo, para la celebraci\u00f3n de la Eucarist\u00eda.<\/p><p>La metodolog\u00eda del Coniam es participativa y experiencial, que permite a los participantes aprender haciendo, compartiendo experiencias, reflexionar en comunidad y celebrar la fe.<\/p><p>Se estima la participaci\u00f3n de 400 delegados y 100 voluntarios y coordinadores de la IAM de todo el pa\u00eds.<\/p><p><em>PCDSC\/2025<\/em><\/p><p><\/p>","protected":false},"excerpt":{"rendered":"<p>Di\u00f3cesis de San Carlos Pastoral de la Comunicaci\u00f3n 3 de abril de 2025.- Del 3&#8230;<\/p>\n","protected":false},"author":1,"featured_media":0,"comment_status":"open","ping_status":"open","sticky":false,"template":"","format":"standard","meta":{"_eb_attr":"","om_disable_all_campaigns":false,"_monsterinsights_skip_tracking":false,"_monsterinsights_sitenote_active":false,"_monsterinsights_sitenote_note":"","_monsterinsights_sitenote_category":0,"_uf_show_specific_survey":0,"_uf_disable_surveys":false,"footnotes":""},"categories":[20],"tags":[],"class_list":["post-2056","post","type-post","status-publish","format-standard","hentry","category-noticias"],"aioseo_notices":[],"_links":{"self":[{"href":"https:\/\/diocesisdesancarloscojedes.com\/index.php?rest_route=\/wp\/v2\/posts\/2056"}],"collection":[{"href":"https:\/\/diocesisdesancarloscojedes.com\/index.php?rest_route=\/wp\/v2\/posts"}],"about":[{"href":"https:\/\/diocesisdesancarloscojedes.com\/index.php?rest_route=\/wp\/v2\/types\/post"}],"author":[{"embeddable":true,"href":"https:\/\/diocesisdesancarloscojedes.com\/index.php?rest_route=\/wp\/v2\/users\/1"}],"replies":[{"embeddable":true,"href":"https:\/\/diocesisdesancarloscojedes.com\/index.php?rest_route=%2Fwp%2Fv2%2Fcomments&post=2056"}],"version-history":[{"count":1,"href":"https:\/\/diocesisdesancarloscojedes.com\/index.php?rest_route=\/wp\/v2\/posts\/2056\/revisions"}],"predecessor-version":[{"id":2059,"href":"https:\/\/diocesisdesancarloscojedes.com\/index.php?rest_route=\/wp\/v2\/posts\/2056\/revisions\/2059"}],"wp:attachment":[{"href":"https:\/\/diocesisdesancarloscojedes.com\/index.php?rest_route=%2Fwp%2Fv2%2Fmedia&parent=2056"}],"wp:term":[{"taxonomy":"category","embeddable":true,"href":"https:\/\/diocesisdesancarloscojedes.com\/index.php?rest_route=%2Fwp%2Fv2%2Fcategories&post=2056"},{"taxonomy":"post_tag","embeddable":true,"href":"https:\/\/diocesisdesancarloscojedes.com\/index.php?rest_route=%2Fwp%2Fv2%2Ftags&post=2056"}],"curies":[{"name":"wp","href":"https:\/\/api.w.org\/{rel}","templated":true}]}}