{"id":2053,"date":"2025-04-02T22:02:33","date_gmt":"2025-04-02T22:02:33","guid":{"rendered":"https:\/\/diocesisdesancarloscojedes.com\/?p=2053"},"modified":"2025-04-02T22:02:34","modified_gmt":"2025-04-02T22:02:34","slug":"comision-de-trabajo-organiza-el-pentecostes-diocesano-2025-con-entusiasmo-y-en-comunion","status":"publish","type":"post","link":"https:\/\/diocesisdesancarloscojedes.com\/?p=2053","title":{"rendered":"Comisi\u00f3n de Trabajo organiza el Pentecost\u00e9s Diocesano 2025 con entusiasmo y en comuni\u00f3n"},"content":{"rendered":"<figure class=\"wp-block-gallery has-nested-images columns-default is-cropped wp-block-gallery-1 is-layout-flex wp-block-gallery-is-layout-flex\"><figure class=\"wp-block-image size-large\"><img fetchpriority=\"high\" decoding=\"async\" width=\"1024\" height=\"768\" data-id=\"2054\" src=\"https:\/\/diocesisdesancarloscojedes.com\/wp-content\/uploads\/2025\/04\/1000969044-1024x768.jpg\" alt=\"\" class=\"wp-image-2054\" srcset=\"https:\/\/diocesisdesancarloscojedes.com\/wp-content\/uploads\/2025\/04\/1000969044-1024x768.jpg 1024w, https:\/\/diocesisdesancarloscojedes.com\/wp-content\/uploads\/2025\/04\/1000969044-300x225.jpg 300w, https:\/\/diocesisdesancarloscojedes.com\/wp-content\/uploads\/2025\/04\/1000969044-768x576.jpg 768w, https:\/\/diocesisdesancarloscojedes.com\/wp-content\/uploads\/2025\/04\/1000969044-1536x1152.jpg 1536w, https:\/\/diocesisdesancarloscojedes.com\/wp-content\/uploads\/2025\/04\/1000969044-2048x1536.jpg 2048w, https:\/\/diocesisdesancarloscojedes.com\/wp-content\/uploads\/2025\/04\/1000969044-600x450.jpg 600w\" sizes=\"(max-width: 1024px) 100vw, 1024px\" \/><\/figure><\/figure><p><strong>Di\u00f3cesis de San Carlos <\/strong><\/p><p><em>Pastoral de la Comunicaci\u00f3n <\/em><\/p><p><strong>2 de abril de 2025.-<\/strong> Los miembros de la Comisi\u00f3n de Trabajo que organiza el Pentecost\u00e9s Diocesano 2025 sostuvieron un encuentro este mi\u00e9rcoles 2 de abril en la Curia Episcopal.<\/p><p>Acompa\u00f1ados por el Pbro. Jhonluis Garab\u00e1n, Administrador diocesano de San Carlos; el Pbro. Carlos Luis \u00c1lvarez, Vicario de Pastoral y el Pbro. Jos\u00e9 Luis Nava, Canciller de la Iglesia particular, los coordinadores parroquiales realizaron sus aportes para la planificaci\u00f3n y buen desarrollo del evento que se efectuar\u00e1 el 31 de mayo en el Coliseo Jos\u00e9 Miguel Pandares de la Ciudad Deportiva de San Carlos.<\/p><p>A la fiesta diocesana asistir\u00e1n los fieles de las distintas parroquias, vicar\u00edas, peque\u00f1as comunidades cristianas, pastorales y movimientos de apostolado; quienes junto al clero diocesano pedir\u00e1n una nueva efusi\u00f3n del Esp\u00edritu Santo, el gran protagonista de esta cita.<\/p><p>Mientras tanto, con entusiasmo y en comuni\u00f3n, los responsables de las distintas \u00e1reas de servicio se disponen a unir esfuerzos para que el Pentecost\u00e9s Diocesano 2025 sea un maravilloso espacio de renovaci\u00f3n espiritual y unidad eclesial.<\/p><p><em>PCDSC\/2025<\/em><\/p>","protected":false},"excerpt":{"rendered":"<p>Di\u00f3cesis de San Carlos Pastoral de la Comunicaci\u00f3n 2 de abril de 2025.- Los miembros&#8230;<\/p>\n","protected":false},"author":1,"featured_media":0,"comment_status":"open","ping_status":"open","sticky":false,"template":"","format":"standard","meta":{"_eb_attr":"","om_disable_all_campaigns":false,"_monsterinsights_skip_tracking":false,"_monsterinsights_sitenote_active":false,"_monsterinsights_sitenote_note":"","_monsterinsights_sitenote_category":0,"_uf_show_specific_survey":0,"_uf_disable_surveys":false,"footnotes":""},"categories":[20],"tags":[],"class_list":["post-2053","post","type-post","status-publish","format-standard","hentry","category-noticias"],"aioseo_notices":[],"_links":{"self":[{"href":"https:\/\/diocesisdesancarloscojedes.com\/index.php?rest_route=\/wp\/v2\/posts\/2053"}],"collection":[{"href":"https:\/\/diocesisdesancarloscojedes.com\/index.php?rest_route=\/wp\/v2\/posts"}],"about":[{"href":"https:\/\/diocesisdesancarloscojedes.com\/index.php?rest_route=\/wp\/v2\/types\/post"}],"author":[{"embeddable":true,"href":"https:\/\/diocesisdesancarloscojedes.com\/index.php?rest_route=\/wp\/v2\/users\/1"}],"replies":[{"embeddable":true,"href":"https:\/\/diocesisdesancarloscojedes.com\/index.php?rest_route=%2Fwp%2Fv2%2Fcomments&post=2053"}],"version-history":[{"count":1,"href":"https:\/\/diocesisdesancarloscojedes.com\/index.php?rest_route=\/wp\/v2\/posts\/2053\/revisions"}],"predecessor-version":[{"id":2055,"href":"https:\/\/diocesisdesancarloscojedes.com\/index.php?rest_route=\/wp\/v2\/posts\/2053\/revisions\/2055"}],"wp:attachment":[{"href":"https:\/\/diocesisdesancarloscojedes.com\/index.php?rest_route=%2Fwp%2Fv2%2Fmedia&parent=2053"}],"wp:term":[{"taxonomy":"category","embeddable":true,"href":"https:\/\/diocesisdesancarloscojedes.com\/index.php?rest_route=%2Fwp%2Fv2%2Fcategories&post=2053"},{"taxonomy":"post_tag","embeddable":true,"href":"https:\/\/diocesisdesancarloscojedes.com\/index.php?rest_route=%2Fwp%2Fv2%2Ftags&post=2053"}],"curies":[{"name":"wp","href":"https:\/\/api.w.org\/{rel}","templated":true}]}}