{"id":2035,"date":"2025-04-02T21:54:58","date_gmt":"2025-04-02T21:54:58","guid":{"rendered":"https:\/\/diocesisdesancarloscojedes.com\/?p=2035"},"modified":"2025-04-02T21:54:59","modified_gmt":"2025-04-02T21:54:59","slug":"pbro-jhonluis-garaban-administrador-diocesano-la-semana-santa-nos-invita-a-dejar-atras-lo-que-nos-pesa-y-a-abrazar-la-nueva-vida-que-cristo-nos-ofrece","status":"publish","type":"post","link":"https:\/\/diocesisdesancarloscojedes.com\/?p=2035","title":{"rendered":"Pbro. Jhonluis Garab\u00e1n, Administrador diocesano: \u201cLa Semana Santa nos invita a dejar atr\u00e1s lo que nos pesa y a abrazar la nueva vida que Cristo nos ofrece\u201d"},"content":{"rendered":"<figure class=\"wp-block-gallery has-nested-images columns-default is-cropped wp-block-gallery-1 is-layout-flex wp-block-gallery-is-layout-flex\"><figure class=\"wp-block-image size-large\"><img fetchpriority=\"high\" decoding=\"async\" width=\"1024\" height=\"838\" data-id=\"2036\" src=\"https:\/\/diocesisdesancarloscojedes.com\/wp-content\/uploads\/2025\/04\/1000968506-1024x838.jpg\" alt=\"\" class=\"wp-image-2036\" srcset=\"https:\/\/diocesisdesancarloscojedes.com\/wp-content\/uploads\/2025\/04\/1000968506-1024x838.jpg 1024w, https:\/\/diocesisdesancarloscojedes.com\/wp-content\/uploads\/2025\/04\/1000968506-300x246.jpg 300w, https:\/\/diocesisdesancarloscojedes.com\/wp-content\/uploads\/2025\/04\/1000968506-768x629.jpg 768w, https:\/\/diocesisdesancarloscojedes.com\/wp-content\/uploads\/2025\/04\/1000968506-1536x1257.jpg 1536w, https:\/\/diocesisdesancarloscojedes.com\/wp-content\/uploads\/2025\/04\/1000968506-2048x1676.jpg 2048w, https:\/\/diocesisdesancarloscojedes.com\/wp-content\/uploads\/2025\/04\/1000968506-600x491.jpg 600w\" sizes=\"(max-width: 1024px) 100vw, 1024px\" \/><\/figure><\/figure><p><strong>Di\u00f3cesis de San Carlos<\/strong> <\/p><p><em>Pastoral de la Comunicaci\u00f3n <\/em><\/p><p><strong>2 de abril de 2025.- <\/strong>Para la fe cristiana, la Semana Santa es la celebraci\u00f3n m\u00e1s importante del calendario lit\u00fargico, en la que se conmemora los misterios de fe de la pasi\u00f3n, muerte y resurrecci\u00f3n de Jesucristo. Este a\u00f1o ser\u00e1 del 13 al 20 de abril.<\/p><p>Durante la Rueda de Prensa que se efectu\u00f3 este mi\u00e9rcoles 2 de abril, en el Sal\u00f3n de Conferencias de la Curia Episcopal, el Administrador diocesano de San Carlos, Pbro. Jhonluis Garab\u00e1n, invit\u00f3 a la feligres\u00eda a vivir la Semana Santa como un momento especial para el encuentro con Dios.<\/p><p>A prop\u00f3sito, el Administrador diocesano exhort\u00f3 a los fieles a participar durante este tiempo de oraci\u00f3n y reflexi\u00f3n en las distintas actividades celebrativas organizadas por las parroquias de la Iglesia local.<\/p><p>Asimismo, el Pbro. Garab\u00e1n inform\u00f3 que la Misa Crismal se celebrar\u00e1 el s\u00e1bado 12 de abril, a las diez de la ma\u00f1ana, en la Iglesia Catedral Inmaculada Concepci\u00f3n de San Carlos y ser\u00e1 presidida por Mons. Jes\u00fas Gonz\u00e1lez de Z\u00e1rate, Arzobispo de la Arquidi\u00f3cesis de Valencia y presidente de la Conferencia Episcopal Venezolana (CEV). Tambi\u00e9n, en este d\u00eda el clero diocesano llevar\u00e1 a cabo el Jubileo de los Sacerdotes.<\/p><figure class=\"wp-block-gallery has-nested-images columns-default is-cropped wp-block-gallery-2 is-layout-flex wp-block-gallery-is-layout-flex\"><figure class=\"wp-block-image size-large\"><img decoding=\"async\" width=\"1024\" height=\"771\" data-id=\"2039\" src=\"https:\/\/diocesisdesancarloscojedes.com\/wp-content\/uploads\/2025\/04\/1000968513-1-1024x771.jpg\" alt=\"\" class=\"wp-image-2039\" srcset=\"https:\/\/diocesisdesancarloscojedes.com\/wp-content\/uploads\/2025\/04\/1000968513-1-1024x771.jpg 1024w, https:\/\/diocesisdesancarloscojedes.com\/wp-content\/uploads\/2025\/04\/1000968513-1-300x226.jpg 300w, https:\/\/diocesisdesancarloscojedes.com\/wp-content\/uploads\/2025\/04\/1000968513-1-768x578.jpg 768w, https:\/\/diocesisdesancarloscojedes.com\/wp-content\/uploads\/2025\/04\/1000968513-1-1536x1157.jpg 1536w, https:\/\/diocesisdesancarloscojedes.com\/wp-content\/uploads\/2025\/04\/1000968513-1-2048x1542.jpg 2048w, https:\/\/diocesisdesancarloscojedes.com\/wp-content\/uploads\/2025\/04\/1000968513-1-600x452.jpg 600w\" sizes=\"(max-width: 1024px) 100vw, 1024px\" \/><\/figure><\/figure><p>En compa\u00f1\u00eda del Pbro. Jos\u00e9 Luis Nava, Canciller de la Iglesia diocesana; del Pbro. Mauricio Silva, p\u00e1rroco de la Iglesia Catedral y asesor de la Pastoral Social y del Pbro. Enrique Loreto, miembro de la Comisi\u00f3n Jubilar; el Pbro. Garab\u00e1n revel\u00f3 que la procesi\u00f3n con la imagen del Nazareno, el Mi\u00e9rcoles Santo, iniciar\u00e1 a las siete de la ma\u00f1ana en la Iglesia Nuestra Se\u00f1ora del Carmen y se dirigir\u00e1 hacia el Palacio de Justicia, en la Plaza Bol\u00edvar.<\/p><p>\u201cParticipemos con fe en estas celebraciones y vivamos con devoci\u00f3n el Triduo Pascual que inicia el Jueves Santo. No nos quedemos con un Cristo muerto. No nos limitemos a vivir el Mi\u00e9rcoles Santo\u201d, alent\u00f3 el Pbro. Garab\u00e1n.<\/p><p>Al mismo tiempo, inst\u00f3 a los creyentes a \u201cdejar atr\u00e1s lo que nos pesa y a abrazar la nueva vida que Cristo nos ofrece. Es una invitaci\u00f3n a levantarnos, a renacer. Que este sea un tiempo de verdadera transformaci\u00f3n personal\u201d.<\/p><figure class=\"wp-block-gallery has-nested-images columns-default is-cropped wp-block-gallery-3 is-layout-flex wp-block-gallery-is-layout-flex\"><figure class=\"wp-block-image size-large\"><img decoding=\"async\" width=\"771\" height=\"1024\" data-id=\"2040\" src=\"https:\/\/diocesisdesancarloscojedes.com\/wp-content\/uploads\/2025\/04\/1000968564-771x1024.jpg\" alt=\"\" class=\"wp-image-2040\" srcset=\"https:\/\/diocesisdesancarloscojedes.com\/wp-content\/uploads\/2025\/04\/1000968564-771x1024.jpg 771w, https:\/\/diocesisdesancarloscojedes.com\/wp-content\/uploads\/2025\/04\/1000968564-226x300.jpg 226w, https:\/\/diocesisdesancarloscojedes.com\/wp-content\/uploads\/2025\/04\/1000968564-768x1020.jpg 768w, https:\/\/diocesisdesancarloscojedes.com\/wp-content\/uploads\/2025\/04\/1000968564-1157x1536.jpg 1157w, https:\/\/diocesisdesancarloscojedes.com\/wp-content\/uploads\/2025\/04\/1000968564-1542x2048.jpg 1542w, https:\/\/diocesisdesancarloscojedes.com\/wp-content\/uploads\/2025\/04\/1000968564-1024x1360.jpg 1024w, https:\/\/diocesisdesancarloscojedes.com\/wp-content\/uploads\/2025\/04\/1000968564-600x797.jpg 600w, https:\/\/diocesisdesancarloscojedes.com\/wp-content\/uploads\/2025\/04\/1000968564-scaled.jpg 1928w\" sizes=\"(max-width: 771px) 100vw, 771px\" \/><\/figure><\/figure><p><strong>Otras informaciones importantes destacadas en la Rueda de Prensa:<\/strong><\/p><p><strong>\u2022 <\/strong>El Administrador diocesano, Pbro. Jhonluis Garab\u00e1n, dijo que la Iglesia local, como es habitual, contar\u00e1 con el apoyo de las instituciones de seguridad del estado para garantizar la integridad f\u00edsica de los fieles en las celebraciones; de manera especial el Mi\u00e9rcoles Santo, 16 de abril. Sobre este tema, el Pbro. Jos\u00e9 Luis Nava, Canciller de la di\u00f3cesis, detall\u00f3 que 12 parroquias y vicar\u00edas que conforman el Arciprestazgo Inmaculada Concepci\u00f3n organizan la log\u00edstica de la procesi\u00f3n en la que se estima participen entre ocho mil y diez mil personas.<\/p><p>\u2022 Ante los desaf\u00edos clim\u00e1ticos de este a\u00f1o, el Pbro. Garab\u00e1n invit\u00f3 a los fieles a cuidar su salud y a mantenerse hidratados.<\/p><p>\u2022 El Pbro. Mauricio Silva, p\u00e1rroco de la Iglesia Catedral Inmaculada Concepci\u00f3n resalt\u00f3 que la procesi\u00f3n del Mi\u00e9rcoles Santo es importante hacerla \u201cen un ambiente de recogimiento que nos ayude a entrar al santo Triduo Pascual\u201d.<\/p><p>\u2022 Respecto a la Campa\u00f1a Compartir 2025, que lleva por lema \u201cJuntos sembremos esperanza y cosechemos salud mental\u201d, el Pbro. Silva expres\u00f3 que \u201ceste A\u00f1o Jubilar es un gran regalo para todos y la Iglesia est\u00e1 comprometida con la salud mental del pueblo cojede\u00f1o\u201d.<\/p><figure class=\"wp-block-gallery has-nested-images columns-default is-cropped wp-block-gallery-4 is-layout-flex wp-block-gallery-is-layout-flex\"><figure class=\"wp-block-image size-large\"><img loading=\"lazy\" decoding=\"async\" width=\"771\" height=\"1024\" data-id=\"2047\" src=\"https:\/\/diocesisdesancarloscojedes.com\/wp-content\/uploads\/2025\/04\/1000968628-771x1024.jpg\" alt=\"\" class=\"wp-image-2047\" srcset=\"https:\/\/diocesisdesancarloscojedes.com\/wp-content\/uploads\/2025\/04\/1000968628-771x1024.jpg 771w, https:\/\/diocesisdesancarloscojedes.com\/wp-content\/uploads\/2025\/04\/1000968628-226x300.jpg 226w, https:\/\/diocesisdesancarloscojedes.com\/wp-content\/uploads\/2025\/04\/1000968628-768x1020.jpg 768w, https:\/\/diocesisdesancarloscojedes.com\/wp-content\/uploads\/2025\/04\/1000968628-1157x1536.jpg 1157w, https:\/\/diocesisdesancarloscojedes.com\/wp-content\/uploads\/2025\/04\/1000968628-1542x2048.jpg 1542w, https:\/\/diocesisdesancarloscojedes.com\/wp-content\/uploads\/2025\/04\/1000968628-1024x1360.jpg 1024w, https:\/\/diocesisdesancarloscojedes.com\/wp-content\/uploads\/2025\/04\/1000968628-600x797.jpg 600w, https:\/\/diocesisdesancarloscojedes.com\/wp-content\/uploads\/2025\/04\/1000968628-scaled.jpg 1928w\" sizes=\"(max-width: 771px) 100vw, 771px\" \/><\/figure><\/figure><p>\u2022 El Administrador diocesano revel\u00f3 que m\u00e1s de 100 evangelizadores participar\u00e1n en la Misi\u00f3n Diocesana Semana Santa 2025 y estar\u00e1n distribuidos en las comunidades para acompa\u00f1arlas en este tiempo. El rito de env\u00edo de los misioneros se har\u00e1 en la Misa Crismal a celebrarse el s\u00e1bado 12 de abril.<\/p><p>\u2022 Sobre la designaci\u00f3n del nuevo obispo, el Pbro. Jhonluis Garab\u00e1n manifest\u00f3 que \u201cestamos caminando en ese proceso; se ha hecho lo pertinente ante la Nunciatura Apost\u00f3lica y estamos a la espera\u201d. Al mismo tiempo, insisti\u00f3 en fortalecer la oraci\u00f3n por esta intenci\u00f3n.<\/p><figure class=\"wp-block-gallery has-nested-images columns-default is-cropped wp-block-gallery-5 is-layout-flex wp-block-gallery-is-layout-flex\"><figure class=\"wp-block-image size-large\"><img loading=\"lazy\" decoding=\"async\" width=\"1024\" height=\"1024\" data-id=\"2042\" src=\"https:\/\/diocesisdesancarloscojedes.com\/wp-content\/uploads\/2025\/04\/1000378277-1024x1024.jpg\" alt=\"\" class=\"wp-image-2042\" srcset=\"https:\/\/diocesisdesancarloscojedes.com\/wp-content\/uploads\/2025\/04\/1000378277-1024x1024.jpg 1024w, https:\/\/diocesisdesancarloscojedes.com\/wp-content\/uploads\/2025\/04\/1000378277-300x300.jpg 300w, https:\/\/diocesisdesancarloscojedes.com\/wp-content\/uploads\/2025\/04\/1000378277-150x150.jpg 150w, https:\/\/diocesisdesancarloscojedes.com\/wp-content\/uploads\/2025\/04\/1000378277-768x768.jpg 768w, https:\/\/diocesisdesancarloscojedes.com\/wp-content\/uploads\/2025\/04\/1000378277-600x600.jpg 600w, https:\/\/diocesisdesancarloscojedes.com\/wp-content\/uploads\/2025\/04\/1000378277-100x100.jpg 100w, https:\/\/diocesisdesancarloscojedes.com\/wp-content\/uploads\/2025\/04\/1000378277.jpg 1080w\" sizes=\"(max-width: 1024px) 100vw, 1024px\" \/><\/figure><\/figure><p>\u2022 Sobre los decretos de canonizaci\u00f3n recientes: El Pbro. Enrique Loreto, miembro de la Comisi\u00f3n Jubilar, manifest\u00f3: \u201cEs un momento de j\u00fabilo y de alegr\u00eda para la Di\u00f3cesis de San Carlos recibir esta noticia de la canonizaci\u00f3n del Beato Jos\u00e9 Gregorio Hern\u00e1ndez y de la Madre Carmen Rendiles. Tendremos un itinerario para festejar estas canonizaciones\u201d.<\/p><figure class=\"wp-block-gallery has-nested-images columns-default is-cropped wp-block-gallery-6 is-layout-flex wp-block-gallery-is-layout-flex\"><figure class=\"wp-block-image size-large\"><img loading=\"lazy\" decoding=\"async\" width=\"771\" height=\"1024\" data-id=\"2045\" src=\"https:\/\/diocesisdesancarloscojedes.com\/wp-content\/uploads\/2025\/04\/1000968641-771x1024.jpg\" alt=\"\" class=\"wp-image-2045\" srcset=\"https:\/\/diocesisdesancarloscojedes.com\/wp-content\/uploads\/2025\/04\/1000968641-771x1024.jpg 771w, https:\/\/diocesisdesancarloscojedes.com\/wp-content\/uploads\/2025\/04\/1000968641-226x300.jpg 226w, https:\/\/diocesisdesancarloscojedes.com\/wp-content\/uploads\/2025\/04\/1000968641-768x1020.jpg 768w, https:\/\/diocesisdesancarloscojedes.com\/wp-content\/uploads\/2025\/04\/1000968641-1157x1536.jpg 1157w, https:\/\/diocesisdesancarloscojedes.com\/wp-content\/uploads\/2025\/04\/1000968641-1542x2048.jpg 1542w, https:\/\/diocesisdesancarloscojedes.com\/wp-content\/uploads\/2025\/04\/1000968641-1024x1360.jpg 1024w, https:\/\/diocesisdesancarloscojedes.com\/wp-content\/uploads\/2025\/04\/1000968641-600x797.jpg 600w, https:\/\/diocesisdesancarloscojedes.com\/wp-content\/uploads\/2025\/04\/1000968641-scaled.jpg 1928w\" sizes=\"(max-width: 771px) 100vw, 771px\" \/><\/figure><\/figure><p>\u2022 Dijo adem\u00e1s que, la Iglesia local realizar\u00e1 la Pascua Vocacional del 12 al 20 de abril. Anim\u00f3 a participar en esta experiencia a los j\u00f3venes (masculino) que est\u00e9n cursando el quinto a\u00f1o de bachillerato en adelante.<\/p><p>\u2022 \u201cLos que no puedan participar en las distintas actividades de la Semana Santa, pueden seguir nuestra emisora diocesana, Pastore\u00f1a 89.7 FM, la cual estar\u00e1 transmitiendo informaci\u00f3n sobre estos eventos, desde el viernes de Concilio hasta el Domingo de Resurrecci\u00f3n\u201d, invit\u00f3 el Pbro. Garab\u00e1n.<\/p><figure class=\"wp-block-gallery has-nested-images columns-default is-cropped wp-block-gallery-7 is-layout-flex wp-block-gallery-is-layout-flex\"><figure class=\"wp-block-image size-large\"><img loading=\"lazy\" decoding=\"async\" width=\"768\" height=\"576\" data-id=\"2048\" src=\"https:\/\/diocesisdesancarloscojedes.com\/wp-content\/uploads\/2025\/04\/1000969875-1.jpg\" alt=\"\" class=\"wp-image-2048\" srcset=\"https:\/\/diocesisdesancarloscojedes.com\/wp-content\/uploads\/2025\/04\/1000969875-1.jpg 768w, https:\/\/diocesisdesancarloscojedes.com\/wp-content\/uploads\/2025\/04\/1000969875-1-300x225.jpg 300w, https:\/\/diocesisdesancarloscojedes.com\/wp-content\/uploads\/2025\/04\/1000969875-1-600x450.jpg 600w\" sizes=\"(max-width: 768px) 100vw, 768px\" \/><\/figure><\/figure><p><em>PCDSC\/2025<\/em><\/p><p><\/p>","protected":false},"excerpt":{"rendered":"<p>Di\u00f3cesis de San Carlos Pastoral de la Comunicaci\u00f3n 2 de abril de 2025.- Para la&#8230;<\/p>\n","protected":false},"author":1,"featured_media":0,"comment_status":"open","ping_status":"open","sticky":false,"template":"","format":"standard","meta":{"_eb_attr":"","om_disable_all_campaigns":false,"_monsterinsights_skip_tracking":false,"_monsterinsights_sitenote_active":false,"_monsterinsights_sitenote_note":"","_monsterinsights_sitenote_category":0,"_uf_show_specific_survey":0,"_uf_disable_surveys":false,"footnotes":""},"categories":[20],"tags":[],"class_list":["post-2035","post","type-post","status-publish","format-standard","hentry","category-noticias"],"aioseo_notices":[],"_links":{"self":[{"href":"https:\/\/diocesisdesancarloscojedes.com\/index.php?rest_route=\/wp\/v2\/posts\/2035"}],"collection":[{"href":"https:\/\/diocesisdesancarloscojedes.com\/index.php?rest_route=\/wp\/v2\/posts"}],"about":[{"href":"https:\/\/diocesisdesancarloscojedes.com\/index.php?rest_route=\/wp\/v2\/types\/post"}],"author":[{"embeddable":true,"href":"https:\/\/diocesisdesancarloscojedes.com\/index.php?rest_route=\/wp\/v2\/users\/1"}],"replies":[{"embeddable":true,"href":"https:\/\/diocesisdesancarloscojedes.com\/index.php?rest_route=%2Fwp%2Fv2%2Fcomments&post=2035"}],"version-history":[{"count":2,"href":"https:\/\/diocesisdesancarloscojedes.com\/index.php?rest_route=\/wp\/v2\/posts\/2035\/revisions"}],"predecessor-version":[{"id":2050,"href":"https:\/\/diocesisdesancarloscojedes.com\/index.php?rest_route=\/wp\/v2\/posts\/2035\/revisions\/2050"}],"wp:attachment":[{"href":"https:\/\/diocesisdesancarloscojedes.com\/index.php?rest_route=%2Fwp%2Fv2%2Fmedia&parent=2035"}],"wp:term":[{"taxonomy":"category","embeddable":true,"href":"https:\/\/diocesisdesancarloscojedes.com\/index.php?rest_route=%2Fwp%2Fv2%2Fcategories&post=2035"},{"taxonomy":"post_tag","embeddable":true,"href":"https:\/\/diocesisdesancarloscojedes.com\/index.php?rest_route=%2Fwp%2Fv2%2Ftags&post=2035"}],"curies":[{"name":"wp","href":"https:\/\/api.w.org\/{rel}","templated":true}]}}