{"id":2028,"date":"2025-04-02T11:11:01","date_gmt":"2025-04-02T11:11:01","guid":{"rendered":"https:\/\/diocesisdesancarloscojedes.com\/?p=2028"},"modified":"2025-04-02T11:11:02","modified_gmt":"2025-04-02T11:11:02","slug":"la-minerva-colectiva-diocesana-fomenta-la-devocion-al-amor-de-los-amores","status":"publish","type":"post","link":"https:\/\/diocesisdesancarloscojedes.com\/?p=2028","title":{"rendered":"La Minerva Colectiva Diocesana fomenta la devoci\u00f3n al Amor de los Amores"},"content":{"rendered":"<figure class=\"wp-block-gallery has-nested-images columns-default is-cropped wp-block-gallery-1 is-layout-flex wp-block-gallery-is-layout-flex\"><figure class=\"wp-block-image size-large\"><img fetchpriority=\"high\" decoding=\"async\" width=\"461\" height=\"1024\" data-id=\"2029\" src=\"https:\/\/diocesisdesancarloscojedes.com\/wp-content\/uploads\/2025\/04\/1000966515-461x1024.jpg\" alt=\"\" class=\"wp-image-2029\" srcset=\"https:\/\/diocesisdesancarloscojedes.com\/wp-content\/uploads\/2025\/04\/1000966515-461x1024.jpg 461w, https:\/\/diocesisdesancarloscojedes.com\/wp-content\/uploads\/2025\/04\/1000966515-135x300.jpg 135w, https:\/\/diocesisdesancarloscojedes.com\/wp-content\/uploads\/2025\/04\/1000966515.jpg 468w\" sizes=\"(max-width: 461px) 100vw, 461px\" \/><\/figure><\/figure><p><strong>Di\u00f3cesis de San Carlos<\/strong><\/p><p><em>Pastoral de la Comunicaci\u00f3n <\/em><\/p><p><strong>1 de abril de 2025.- <\/strong>El domingo 30 de marzo, IV Domingo de Cuaresma o Domingo Laetare, se realiz\u00f3 la Minerva Colectiva Diocesana de las Cofrad\u00edas del Sant\u00edsimo Sacramento del Altar, en el Arciprestazgo Inmaculada Concepci\u00f3n.<\/p><p>La procesi\u00f3n con el Sant\u00edsimo Sacramento inici\u00f3 con la Misa de Minerva, a las siete de la ma\u00f1ana, en la Parroquia San Antonio de Padua, en Los Colorados. El Pbro. Pablo Vilaseca, p\u00e1rroco de esta comunidad,  acompa\u00f1ado por los cofrades y la feligres\u00eda, dirigi\u00f3 la Minerva hasta llegar a la Parroquia Inmaculada Concepci\u00f3n Catedral de San Carlos. <\/p><figure class=\"wp-block-gallery has-nested-images columns-default is-cropped wp-block-gallery-2 is-layout-flex wp-block-gallery-is-layout-flex\"><figure class=\"wp-block-image size-large\"><img decoding=\"async\" width=\"768\" height=\"1024\" data-id=\"2030\" src=\"https:\/\/diocesisdesancarloscojedes.com\/wp-content\/uploads\/2025\/04\/1000961673-768x1024.jpg\" alt=\"\" class=\"wp-image-2030\" srcset=\"https:\/\/diocesisdesancarloscojedes.com\/wp-content\/uploads\/2025\/04\/1000961673-768x1024.jpg 768w, https:\/\/diocesisdesancarloscojedes.com\/wp-content\/uploads\/2025\/04\/1000961673-225x300.jpg 225w, https:\/\/diocesisdesancarloscojedes.com\/wp-content\/uploads\/2025\/04\/1000961673-600x800.jpg 600w, https:\/\/diocesisdesancarloscojedes.com\/wp-content\/uploads\/2025\/04\/1000961673.jpg 780w\" sizes=\"(max-width: 768px) 100vw, 768px\" \/><\/figure><\/figure><figure class=\"wp-block-gallery has-nested-images columns-default is-cropped wp-block-gallery-3 is-layout-flex wp-block-gallery-is-layout-flex\"><figure class=\"wp-block-image size-large\"><img decoding=\"async\" width=\"1024\" height=\"461\" data-id=\"2031\" src=\"https:\/\/diocesisdesancarloscojedes.com\/wp-content\/uploads\/2025\/04\/1000961678-1024x461.jpg\" alt=\"\" class=\"wp-image-2031\" srcset=\"https:\/\/diocesisdesancarloscojedes.com\/wp-content\/uploads\/2025\/04\/1000961678-1024x461.jpg 1024w, https:\/\/diocesisdesancarloscojedes.com\/wp-content\/uploads\/2025\/04\/1000961678-300x135.jpg 300w, https:\/\/diocesisdesancarloscojedes.com\/wp-content\/uploads\/2025\/04\/1000961678-768x346.jpg 768w, https:\/\/diocesisdesancarloscojedes.com\/wp-content\/uploads\/2025\/04\/1000961678-600x270.jpg 600w, https:\/\/diocesisdesancarloscojedes.com\/wp-content\/uploads\/2025\/04\/1000961678.jpg 1040w\" sizes=\"(max-width: 1024px) 100vw, 1024px\" \/><\/figure><\/figure><figure class=\"wp-block-gallery has-nested-images columns-default is-cropped wp-block-gallery-4 is-layout-flex wp-block-gallery-is-layout-flex\"><figure class=\"wp-block-image size-large\"><img loading=\"lazy\" decoding=\"async\" width=\"768\" height=\"1024\" data-id=\"2032\" src=\"https:\/\/diocesisdesancarloscojedes.com\/wp-content\/uploads\/2025\/04\/1000961682-768x1024.jpg\" alt=\"\" class=\"wp-image-2032\" srcset=\"https:\/\/diocesisdesancarloscojedes.com\/wp-content\/uploads\/2025\/04\/1000961682-768x1024.jpg 768w, https:\/\/diocesisdesancarloscojedes.com\/wp-content\/uploads\/2025\/04\/1000961682-225x300.jpg 225w, https:\/\/diocesisdesancarloscojedes.com\/wp-content\/uploads\/2025\/04\/1000961682-600x800.jpg 600w, https:\/\/diocesisdesancarloscojedes.com\/wp-content\/uploads\/2025\/04\/1000961682.jpg 780w\" sizes=\"(max-width: 768px) 100vw, 768px\" \/><\/figure><\/figure><p>En el templo culmin\u00f3 la Minerva con la reserva del Sant\u00edsimo y la Eucarist\u00eda que celebr\u00f3 el Pbro. Mauricio  Silva, p\u00e1rroco de la santa Iglesia Catedral.<\/p><p>La Misa de Minerva es una celebraci\u00f3n lit\u00fargica que se realiza en algunos templos, en la que se procesiona con el Sant\u00edsimo Sacramento. <\/p><p>En la Di\u00f3cesis de San Carlos corresponde  parroquialmente el segundo domingo de cada mes y cuando el calendario mensual incluye cinco domingos, se hace de manera colectiva o diocesana; como fue este domingo 30 de marzo, IV Domingo de Cuaresma o Domingo Laetare, cuyo nombre viene de las primeras palabras del Introito de la Misa, Laetare Jerusalem -\u00a1Al\u00e9grate, oh, Jerusal\u00e9n!-, donde el color rosado en los ornamentos lit\u00fargicos es un signo de gozo y de alegr\u00eda. La procesi\u00f3n de la Minerva o procesi\u00f3n eucar\u00edstica por las distintas calles de la ciudad constituye una forma de dar testimonio p\u00fablico de la presencia viva y real de Jes\u00fas en la Eucarist\u00eda; renueva la vida interior del creyente y fomenta el amor a Jes\u00fas Sacramentado, el Amor de los Amores.<\/p><figure class=\"wp-block-gallery has-nested-images columns-default is-cropped wp-block-gallery-5 is-layout-flex wp-block-gallery-is-layout-flex\"><figure class=\"wp-block-image size-large\"><img loading=\"lazy\" decoding=\"async\" width=\"1024\" height=\"768\" data-id=\"2033\" src=\"https:\/\/diocesisdesancarloscojedes.com\/wp-content\/uploads\/2025\/04\/1000966521-1024x768.jpg\" alt=\"\" class=\"wp-image-2033\" srcset=\"https:\/\/diocesisdesancarloscojedes.com\/wp-content\/uploads\/2025\/04\/1000966521-1024x768.jpg 1024w, https:\/\/diocesisdesancarloscojedes.com\/wp-content\/uploads\/2025\/04\/1000966521-300x225.jpg 300w, https:\/\/diocesisdesancarloscojedes.com\/wp-content\/uploads\/2025\/04\/1000966521-768x576.jpg 768w, https:\/\/diocesisdesancarloscojedes.com\/wp-content\/uploads\/2025\/04\/1000966521-600x450.jpg 600w, https:\/\/diocesisdesancarloscojedes.com\/wp-content\/uploads\/2025\/04\/1000966521.jpg 1280w\" sizes=\"(max-width: 1024px) 100vw, 1024px\" \/><\/figure><\/figure><p><em>PCDSC\/2025<\/em><\/p>","protected":false},"excerpt":{"rendered":"<p>Di\u00f3cesis de San Carlos Pastoral de la Comunicaci\u00f3n 1 de abril de 2025.- El domingo&#8230;<\/p>\n","protected":false},"author":1,"featured_media":0,"comment_status":"open","ping_status":"open","sticky":false,"template":"","format":"standard","meta":{"_eb_attr":"","om_disable_all_campaigns":false,"_monsterinsights_skip_tracking":false,"_monsterinsights_sitenote_active":false,"_monsterinsights_sitenote_note":"","_monsterinsights_sitenote_category":0,"_uf_show_specific_survey":0,"_uf_disable_surveys":false,"footnotes":""},"categories":[20],"tags":[],"class_list":["post-2028","post","type-post","status-publish","format-standard","hentry","category-noticias"],"aioseo_notices":[],"_links":{"self":[{"href":"https:\/\/diocesisdesancarloscojedes.com\/index.php?rest_route=\/wp\/v2\/posts\/2028"}],"collection":[{"href":"https:\/\/diocesisdesancarloscojedes.com\/index.php?rest_route=\/wp\/v2\/posts"}],"about":[{"href":"https:\/\/diocesisdesancarloscojedes.com\/index.php?rest_route=\/wp\/v2\/types\/post"}],"author":[{"embeddable":true,"href":"https:\/\/diocesisdesancarloscojedes.com\/index.php?rest_route=\/wp\/v2\/users\/1"}],"replies":[{"embeddable":true,"href":"https:\/\/diocesisdesancarloscojedes.com\/index.php?rest_route=%2Fwp%2Fv2%2Fcomments&post=2028"}],"version-history":[{"count":1,"href":"https:\/\/diocesisdesancarloscojedes.com\/index.php?rest_route=\/wp\/v2\/posts\/2028\/revisions"}],"predecessor-version":[{"id":2034,"href":"https:\/\/diocesisdesancarloscojedes.com\/index.php?rest_route=\/wp\/v2\/posts\/2028\/revisions\/2034"}],"wp:attachment":[{"href":"https:\/\/diocesisdesancarloscojedes.com\/index.php?rest_route=%2Fwp%2Fv2%2Fmedia&parent=2028"}],"wp:term":[{"taxonomy":"category","embeddable":true,"href":"https:\/\/diocesisdesancarloscojedes.com\/index.php?rest_route=%2Fwp%2Fv2%2Fcategories&post=2028"},{"taxonomy":"post_tag","embeddable":true,"href":"https:\/\/diocesisdesancarloscojedes.com\/index.php?rest_route=%2Fwp%2Fv2%2Ftags&post=2028"}],"curies":[{"name":"wp","href":"https:\/\/api.w.org\/{rel}","templated":true}]}}