{"id":2018,"date":"2025-04-02T11:04:24","date_gmt":"2025-04-02T11:04:24","guid":{"rendered":"https:\/\/diocesisdesancarloscojedes.com\/?p=2018"},"modified":"2025-04-02T11:04:25","modified_gmt":"2025-04-02T11:04:25","slug":"misioneros-de-la-diocesis-de-san-carlos-renuevan-su-compromiso-bautismal","status":"publish","type":"post","link":"https:\/\/diocesisdesancarloscojedes.com\/?p=2018","title":{"rendered":"Misioneros de la Di\u00f3cesis de San Carlos renuevan su compromiso bautismal"},"content":{"rendered":"<figure class=\"wp-block-gallery has-nested-images columns-default is-cropped wp-block-gallery-1 is-layout-flex wp-block-gallery-is-layout-flex\"><figure class=\"wp-block-image size-large\"><img fetchpriority=\"high\" decoding=\"async\" width=\"984\" height=\"432\" data-id=\"2019\" src=\"https:\/\/diocesisdesancarloscojedes.com\/wp-content\/uploads\/2025\/04\/1000959102.jpg\" alt=\"\" class=\"wp-image-2019\" srcset=\"https:\/\/diocesisdesancarloscojedes.com\/wp-content\/uploads\/2025\/04\/1000959102.jpg 984w, https:\/\/diocesisdesancarloscojedes.com\/wp-content\/uploads\/2025\/04\/1000959102-300x132.jpg 300w, https:\/\/diocesisdesancarloscojedes.com\/wp-content\/uploads\/2025\/04\/1000959102-768x337.jpg 768w, https:\/\/diocesisdesancarloscojedes.com\/wp-content\/uploads\/2025\/04\/1000959102-600x263.jpg 600w\" sizes=\"(max-width: 984px) 100vw, 984px\" \/><\/figure><\/figure><p><strong>Di\u00f3cesis de San Carlos<\/strong><\/p><p><em>Pastoral de la Comunicaci\u00f3n <\/em><\/p><p><strong>30 de marzo de 2025.- <\/strong>Desde nuestro Bautismo, todos somos misioneros y tenemos la responsabilidad de evangelizar.<\/p><p>Sobre esta verdad misional contenida en el Evangelio de Mateo (Mt 28,16-20) y ratificada por la Iglesia, se desarroll\u00f3 el Jubileo de las Misiones, realizado este s\u00e1bado 29 de marzo, en el Santuario Diocesano Beato Jos\u00e9 Gregorio Hern\u00e1ndez, en el municipio Pao.<\/p><p>M\u00e1s de 300 personas que forman parte de las pastorales del Centro de Animaci\u00f3n para la Conversi\u00f3n pastoral y misionera, de las distintas parroquias de la Di\u00f3cesis de San Carlos, as\u00ed como tambi\u00e9n, grupos y movimientos de apostolado, asistieron a la cuarta cita jubilar organizada por la Iglesia diocesana, en el marco del A\u00f1o de la Esperanza.<\/p><p>Portando globos de colores y pancartas, y entonando cantos de alabanza a Dios, los peregrinos transitaron el camino desde la entrada al municipio Pao hasta el templo jubilar.<\/p><figure class=\"wp-block-gallery has-nested-images columns-default is-cropped wp-block-gallery-2 is-layout-flex wp-block-gallery-is-layout-flex\"><figure class=\"wp-block-image size-large\"><img decoding=\"async\" width=\"1024\" height=\"768\" data-id=\"2020\" src=\"https:\/\/diocesisdesancarloscojedes.com\/wp-content\/uploads\/2025\/04\/1000959147-1024x768.jpg\" alt=\"\" class=\"wp-image-2020\" srcset=\"https:\/\/diocesisdesancarloscojedes.com\/wp-content\/uploads\/2025\/04\/1000959147-1024x768.jpg 1024w, https:\/\/diocesisdesancarloscojedes.com\/wp-content\/uploads\/2025\/04\/1000959147-300x225.jpg 300w, https:\/\/diocesisdesancarloscojedes.com\/wp-content\/uploads\/2025\/04\/1000959147-768x576.jpg 768w, https:\/\/diocesisdesancarloscojedes.com\/wp-content\/uploads\/2025\/04\/1000959147-600x450.jpg 600w, https:\/\/diocesisdesancarloscojedes.com\/wp-content\/uploads\/2025\/04\/1000959147.jpg 1080w\" sizes=\"(max-width: 1024px) 100vw, 1024px\" \/><\/figure><\/figure><figure class=\"wp-block-gallery has-nested-images columns-default is-cropped wp-block-gallery-3 is-layout-flex wp-block-gallery-is-layout-flex\"><figure class=\"wp-block-image size-large\"><img decoding=\"async\" width=\"1024\" height=\"768\" data-id=\"2021\" src=\"https:\/\/diocesisdesancarloscojedes.com\/wp-content\/uploads\/2025\/04\/1000959138-1024x768.jpg\" alt=\"\" class=\"wp-image-2021\" srcset=\"https:\/\/diocesisdesancarloscojedes.com\/wp-content\/uploads\/2025\/04\/1000959138-1024x768.jpg 1024w, https:\/\/diocesisdesancarloscojedes.com\/wp-content\/uploads\/2025\/04\/1000959138-300x225.jpg 300w, https:\/\/diocesisdesancarloscojedes.com\/wp-content\/uploads\/2025\/04\/1000959138-768x576.jpg 768w, https:\/\/diocesisdesancarloscojedes.com\/wp-content\/uploads\/2025\/04\/1000959138-600x450.jpg 600w, https:\/\/diocesisdesancarloscojedes.com\/wp-content\/uploads\/2025\/04\/1000959138.jpg 1080w\" sizes=\"(max-width: 1024px) 100vw, 1024px\" \/><\/figure><\/figure><figure class=\"wp-block-gallery has-nested-images columns-default is-cropped wp-block-gallery-4 is-layout-flex wp-block-gallery-is-layout-flex\"><figure class=\"wp-block-image size-large\"><img loading=\"lazy\" decoding=\"async\" width=\"1024\" height=\"768\" data-id=\"2022\" src=\"https:\/\/diocesisdesancarloscojedes.com\/wp-content\/uploads\/2025\/04\/1000959156-1024x768.jpg\" alt=\"\" class=\"wp-image-2022\" srcset=\"https:\/\/diocesisdesancarloscojedes.com\/wp-content\/uploads\/2025\/04\/1000959156-1024x768.jpg 1024w, https:\/\/diocesisdesancarloscojedes.com\/wp-content\/uploads\/2025\/04\/1000959156-300x225.jpg 300w, https:\/\/diocesisdesancarloscojedes.com\/wp-content\/uploads\/2025\/04\/1000959156-768x576.jpg 768w, https:\/\/diocesisdesancarloscojedes.com\/wp-content\/uploads\/2025\/04\/1000959156-600x450.jpg 600w, https:\/\/diocesisdesancarloscojedes.com\/wp-content\/uploads\/2025\/04\/1000959156.jpg 1040w\" sizes=\"(max-width: 1024px) 100vw, 1024px\" \/><\/figure><\/figure><p>A ser tesstigos de esperanza, alegr\u00eda y paz, invit\u00f3 a los peregrinos el Pbro. Jos\u00e9 Rodolfo Rivas, rector del Santuario Diocesano Beato Jos\u00e9 Gregorio Hern\u00e1ndez, antes de entrar al templo.<\/p><figure class=\"wp-block-gallery has-nested-images columns-default is-cropped wp-block-gallery-5 is-layout-flex wp-block-gallery-is-layout-flex\"><figure class=\"wp-block-image size-large\"><img loading=\"lazy\" decoding=\"async\" width=\"1024\" height=\"461\" data-id=\"2024\" src=\"https:\/\/diocesisdesancarloscojedes.com\/wp-content\/uploads\/2025\/04\/1000960649-1024x461.jpg\" alt=\"\" class=\"wp-image-2024\" srcset=\"https:\/\/diocesisdesancarloscojedes.com\/wp-content\/uploads\/2025\/04\/1000960649-1024x461.jpg 1024w, https:\/\/diocesisdesancarloscojedes.com\/wp-content\/uploads\/2025\/04\/1000960649-300x135.jpg 300w, https:\/\/diocesisdesancarloscojedes.com\/wp-content\/uploads\/2025\/04\/1000960649-768x346.jpg 768w, https:\/\/diocesisdesancarloscojedes.com\/wp-content\/uploads\/2025\/04\/1000960649-1536x691.jpg 1536w, https:\/\/diocesisdesancarloscojedes.com\/wp-content\/uploads\/2025\/04\/1000960649-2048x922.jpg 2048w, https:\/\/diocesisdesancarloscojedes.com\/wp-content\/uploads\/2025\/04\/1000960649-600x270.jpg 600w\" sizes=\"(max-width: 1024px) 100vw, 1024px\" \/><\/figure><\/figure><figure class=\"wp-block-gallery has-nested-images columns-default is-cropped wp-block-gallery-6 is-layout-flex wp-block-gallery-is-layout-flex\"><figure class=\"wp-block-image size-large\"><img loading=\"lazy\" decoding=\"async\" width=\"1024\" height=\"768\" data-id=\"2025\" src=\"https:\/\/diocesisdesancarloscojedes.com\/wp-content\/uploads\/2025\/04\/1000960653-1024x768.jpg\" alt=\"\" class=\"wp-image-2025\" srcset=\"https:\/\/diocesisdesancarloscojedes.com\/wp-content\/uploads\/2025\/04\/1000960653-1024x768.jpg 1024w, https:\/\/diocesisdesancarloscojedes.com\/wp-content\/uploads\/2025\/04\/1000960653-300x225.jpg 300w, https:\/\/diocesisdesancarloscojedes.com\/wp-content\/uploads\/2025\/04\/1000960653-768x576.jpg 768w, https:\/\/diocesisdesancarloscojedes.com\/wp-content\/uploads\/2025\/04\/1000960653-600x450.jpg 600w, https:\/\/diocesisdesancarloscojedes.com\/wp-content\/uploads\/2025\/04\/1000960653.jpg 1040w\" sizes=\"(max-width: 1024px) 100vw, 1024px\" \/><\/figure><\/figure><p>e una jornada marcada por una profunda espiritualidad. Los peregrinos tuvieron una especial vivencia transformadora con Jes\u00fas Sacramentado y pudieron sentir el c\u00e1lido abrazo del Padre misericordioso que los acogi\u00f3 con amor en el sacramento de la Reconciliaci\u00f3n.<\/p><p>La misionera Carmen Cecilia Mendoza, de la Arquidi\u00f3cesis de Barquisimeto, cont\u00f3 a los asistentes sus aleccionadoras experiencias en misiones extremas en la frontera colombo-venezolana, en el Delta del Orinoco, con los Hermanos Salesianos y en M\u00e9xico.<\/p><figure class=\"wp-block-gallery has-nested-images columns-default is-cropped wp-block-gallery-7 is-layout-flex wp-block-gallery-is-layout-flex\"><figure class=\"wp-block-image size-large\"><img loading=\"lazy\" decoding=\"async\" width=\"770\" height=\"1024\" data-id=\"2023\" src=\"https:\/\/diocesisdesancarloscojedes.com\/wp-content\/uploads\/2025\/04\/1000960658-770x1024.jpg\" alt=\"\" class=\"wp-image-2023\" srcset=\"https:\/\/diocesisdesancarloscojedes.com\/wp-content\/uploads\/2025\/04\/1000960658-770x1024.jpg 770w, https:\/\/diocesisdesancarloscojedes.com\/wp-content\/uploads\/2025\/04\/1000960658-226x300.jpg 226w, https:\/\/diocesisdesancarloscojedes.com\/wp-content\/uploads\/2025\/04\/1000960658-768x1021.jpg 768w, https:\/\/diocesisdesancarloscojedes.com\/wp-content\/uploads\/2025\/04\/1000960658-600x798.jpg 600w, https:\/\/diocesisdesancarloscojedes.com\/wp-content\/uploads\/2025\/04\/1000960658.jpg 963w\" sizes=\"(max-width: 770px) 100vw, 770px\" \/><\/figure><\/figure><p>El Jubileo de las Misiones concluy\u00f3 con la celebraci\u00f3n eucar\u00edstica que fue presidida por el Pbro. Carlos Luis \u00c1lvarez, Vicario de Pastoral de la Di\u00f3cesis de San Carlos. Como concelebrantes participaron los presb\u00edteros Jos\u00e9 Eudesmo Mercado y Jos\u00e9 Rodolfo Rivas, asesor de la Pastoral Misionera y rector del Santuario Diocesano Beato Jos\u00e9 Gregorio Hern\u00e1ndez, respectivamente. El di\u00e1cono Luis Sandoval tambi\u00e9n acompa\u00f1\u00f3 la celebraci\u00f3n.<\/p><p>Entretanto, al Jubileo de las Misiones se uni\u00f3 el Jubileo de los Cursillistas.<\/p><figure class=\"wp-block-gallery has-nested-images columns-default is-cropped wp-block-gallery-8 is-layout-flex wp-block-gallery-is-layout-flex\"><figure class=\"wp-block-image size-large\"><img loading=\"lazy\" decoding=\"async\" width=\"720\" height=\"540\" data-id=\"2026\" src=\"https:\/\/diocesisdesancarloscojedes.com\/wp-content\/uploads\/2025\/04\/1000959090.jpg\" alt=\"\" class=\"wp-image-2026\" srcset=\"https:\/\/diocesisdesancarloscojedes.com\/wp-content\/uploads\/2025\/04\/1000959090.jpg 720w, https:\/\/diocesisdesancarloscojedes.com\/wp-content\/uploads\/2025\/04\/1000959090-300x225.jpg 300w, https:\/\/diocesisdesancarloscojedes.com\/wp-content\/uploads\/2025\/04\/1000959090-600x450.jpg 600w\" sizes=\"(max-width: 720px) 100vw, 720px\" \/><\/figure><\/figure><p><em>PCDSC\/2025<\/em><\/p>","protected":false},"excerpt":{"rendered":"<p>Di\u00f3cesis de San Carlos Pastoral de la Comunicaci\u00f3n 30 de marzo de 2025.- Desde nuestro&#8230;<\/p>\n","protected":false},"author":1,"featured_media":0,"comment_status":"open","ping_status":"open","sticky":false,"template":"","format":"standard","meta":{"_eb_attr":"","om_disable_all_campaigns":false,"_monsterinsights_skip_tracking":false,"_monsterinsights_sitenote_active":false,"_monsterinsights_sitenote_note":"","_monsterinsights_sitenote_category":0,"_uf_show_specific_survey":0,"_uf_disable_surveys":false,"footnotes":""},"categories":[20],"tags":[],"class_list":["post-2018","post","type-post","status-publish","format-standard","hentry","category-noticias"],"aioseo_notices":[],"_links":{"self":[{"href":"https:\/\/diocesisdesancarloscojedes.com\/index.php?rest_route=\/wp\/v2\/posts\/2018"}],"collection":[{"href":"https:\/\/diocesisdesancarloscojedes.com\/index.php?rest_route=\/wp\/v2\/posts"}],"about":[{"href":"https:\/\/diocesisdesancarloscojedes.com\/index.php?rest_route=\/wp\/v2\/types\/post"}],"author":[{"embeddable":true,"href":"https:\/\/diocesisdesancarloscojedes.com\/index.php?rest_route=\/wp\/v2\/users\/1"}],"replies":[{"embeddable":true,"href":"https:\/\/diocesisdesancarloscojedes.com\/index.php?rest_route=%2Fwp%2Fv2%2Fcomments&post=2018"}],"version-history":[{"count":1,"href":"https:\/\/diocesisdesancarloscojedes.com\/index.php?rest_route=\/wp\/v2\/posts\/2018\/revisions"}],"predecessor-version":[{"id":2027,"href":"https:\/\/diocesisdesancarloscojedes.com\/index.php?rest_route=\/wp\/v2\/posts\/2018\/revisions\/2027"}],"wp:attachment":[{"href":"https:\/\/diocesisdesancarloscojedes.com\/index.php?rest_route=%2Fwp%2Fv2%2Fmedia&parent=2018"}],"wp:term":[{"taxonomy":"category","embeddable":true,"href":"https:\/\/diocesisdesancarloscojedes.com\/index.php?rest_route=%2Fwp%2Fv2%2Fcategories&post=2018"},{"taxonomy":"post_tag","embeddable":true,"href":"https:\/\/diocesisdesancarloscojedes.com\/index.php?rest_route=%2Fwp%2Fv2%2Ftags&post=2018"}],"curies":[{"name":"wp","href":"https:\/\/api.w.org\/{rel}","templated":true}]}}